{"id":41,"date":"2018-11-13T20:34:23","date_gmt":"2018-11-13T20:34:23","guid":{"rendered":"http:\/\/localhost:8080\/sanjusto\/?p=41"},"modified":"2019-04-29T18:10:13","modified_gmt":"2019-04-29T18:10:13","slug":"cuaresma","status":"publish","type":"post","link":"http:\/\/www.diocesisdesanjusto.org\/index.php\/2018\/11\/13\/cuaresma\/","title":{"rendered":"Cuaresma"},"content":{"rendered":"<p align=\"left\"><strong><span lang=\"es-mx\"><span style=\"font-family: Tahoma;\">Cuaresma<\/span><\/span><\/strong><\/p>\n<p align=\"left\"><strong><span lang=\"es-mx\"><span style=\"font-family: Tahoma;\">Tiempo para andar en la verdad<\/span><\/span><\/strong><\/p>\n<p align=\"left\"><strong><span lang=\"es-mx\"><span style=\"font-family: Tahoma;\">A los Sacerdotes, Consagrados, Consagradas y Laicos de la Di\u00f3cesis<\/span><\/span><\/strong><\/p>\n<p align=\"left\"><strong><span lang=\"es-mx\"><span style=\"font-family: Tahoma;\">\u00a0\u00a0\u00a0\u00a0\u00a0\u00a0\u00a0\u00a0\u00a0\u00a0\u00a0\u00a0\u00a0\u00a0\u00a0\u00a0\u00a0\u00a0\u00a0\u00a0\u00a0\u00a0\u00a0\u00a0\u00a0\u00a0\u00a0\u00a0\u00a0\u00a0\u00a0\u00a0\u00a0\u00a0\u00a0\u00a0\u00a0\u00a0\u00a0\u00a0\u00a0\u00a0\u00a0\u00a0\u00a0\u00a0\u00a0\u00a0\u00a0\u00a0\u00a0\u00a0\u00a0\u00a0\u00a0\u00a0\u00a0\u00a0\u00a0\u00a0\u00a0\u00a0\u00a0\u00a0\u00a0\u00a0\u00a0\u00a0\u00a0\u00a0\u00a0\u00a0\u00a0\u00a0\u00a0\u00a0\u00a0\u00a0\u00a0\u00a0\u00a0\u00a0\u00a0\u00a0\u00a0\u00a0\u00a0\u00a0\u00a0\u00a0\u00a0\u00a0\u00a0\u00a0\u00a0\u00a0\u00a0\u00a0\u00a0\u00a0\u00a0\u00a0\u00a0 \u201cTu padre que ve en lo secreto \u2026\u201d<br \/>\nMateo 6,6<\/span><\/span><\/strong><\/p>\n<p align=\"justify\"><span lang=\"es-mx\"><span style=\"font-family: Tahoma;\">\u00a0 <\/span><\/span><span lang=\"es-mx\"><span style=\"font-family: Tahoma;\">La apariencia no es sincera es el t\u00edtulo de una vieja canci\u00f3n. Esta afirmaci\u00f3n pone de relieve algo tan antiguo como el hombre que, si bien sabemos que no lleva a ning\u00fan lado, ha manejado y sigue manejando los hilos de gran parte del mundo y de la historia de cada d\u00eda. La apariencia no es sincera porque no es m\u00e1s que el resultado del intento de hacerle creer a los dem\u00e1s que somos, vivimos y perseguimos alcanzar, hasta a veces desesperadamente, algo muy distinto a lo real.<\/span><\/span><\/p>\n<p align=\"justify\"><span lang=\"es-mx\"><span style=\"font-family: Tahoma;\">\u00a0\u00a0 En un ambiente consumista y materialista donde todo se compra y todo se vende, es propio de los necios muy bien entrenados, el af\u00e1n de vivir haciendo propaganda de s\u00ed mismos instal\u00e1ndose en la vidriera mejor expuesta en el shopping de la vida.<\/span><\/span><\/p>\n<p align=\"justify\"><span lang=\"es-mx\"><span style=\"font-family: Tahoma;\">\u00a0\u00a0 En esta carrera absurda y desenfrenada no importa la autenticidad, lo que interesa es mostrar que todo lo podemos, todo lo tenemos, todo lo alcanzamos a costa de venderle el alma al diablo de turno.<\/span><\/span><\/p>\n<p align=\"justify\"><span lang=\"es-mx\"><span style=\"font-family: Tahoma;\">\u00a0\u00a0 Una sociedad as\u00ed, est\u00e1 enferma de orgullo, porque no acepta la correcci\u00f3n y se infla con la mentirosa alabanza del adulador oportunista que, si miente una vez, miente siempre.<\/span><\/span><\/p>\n<p align=\"justify\"><span lang=\"es-mx\"><span style=\"font-family: Tahoma;\">\u00a0\u00a0 Hasta nos hemos ido acostumbrando a un lenguaje que hace que las mentiras suenen verdaderas, lo corrupto respetable, lo honesto dudoso, con consistencia aquello que es puro humo y se nos va desdibujando pausadamente la verdadera imagen del otro, del hermano.<\/span><\/span><\/p>\n<p align=\"justify\"><span lang=\"es-mx\"><span style=\"font-family: Tahoma;\">\u00a0\u00a0 De la mano de estas mentiras existenciales vienen el miedo, la falsa seguridad, la sospecha constante, las opciones por conveniencia.<\/span><\/span><\/p>\n<p align=\"justify\"><span lang=\"es-mx\"><span style=\"font-family: Tahoma;\">\u00a0\u00a0 Ser una simple apariencia es muy triste sobre todo cuando nos encontrarnos de cara a la verdad de nuestra vida, que tarde o temprano nos pasa la factura.<\/span><\/span><\/p>\n<p align=\"justify\"><span lang=\"es-mx\"><span style=\"font-family: Tahoma;\">\u00a0\u00a0 Jes\u00fas de muchas maneras anunci\u00f3 que s\u00f3lo la verdad nos hace libres. Se enfrent\u00f3 con la mentira social y religiosa de su tiempo para que el hombre no viva m\u00e1s entrampado en un carnaval sin final luchando por sostener una m\u00e1scara que oculta la verdad y que ahoga sus posibilidades m\u00e1s grandes.<\/span><\/span><\/p>\n<p align=\"justify\"><span lang=\"es-mx\"><span style=\"font-family: Tahoma;\">\u00a0\u00a0 Por eso llama a la conversi\u00f3n, pero no como una pr\u00e1ctica m\u00e1s, en la que con algunos gestos se tranquiliza la conciencia y viene de forma autom\u00e1tica la gracia.<\/span><\/span><\/p>\n<p align=\"justify\"><span lang=\"es-mx\"><span style=\"font-family: Tahoma;\">\u00a0\u00a0 Llama a la conversi\u00f3n, a ponerse frente a la verdad desde lo profundo del coraz\u00f3n, que es el lugar donde se juegan las grandes decisiones, donde s\u00f3lo Dios y nosotros podemos llegar aut\u00e9nticamente. Ah\u00ed no hay enga\u00f1o, no hay m\u00e1scara que valga, ni apariencia que disimule.<\/span><\/span><\/p>\n<p align=\"justify\"><span lang=\"es-mx\"><span style=\"font-family: Tahoma;\">\u00a0\u00a0 Por el camino de la verdad, aunque sea costoso, se llega a la libertad. Por el camino de la cuaresma, desde la verdadera conversi\u00f3n, se llega a la Pascua.<\/span><\/span><\/p>\n<p align=\"justify\"><span lang=\"es-mx\"><span style=\"font-family: Tahoma;\">\u00a0\u00a0 La fe en el Dios amigo de la vida, nos ayuda a entrar sin miedos en la profundidad del coraz\u00f3n, con la certeza de que no hay oscuridad tan grande que no pueda ser iluminada con su luz.<\/span><\/span><\/p>\n<p align=\"justify\"><span lang=\"es-mx\"><span style=\"font-family: Tahoma;\">\u00a0\u00a0 La certeza de la pascua de Jes\u00fas, nos anima a emprender el camino de la verdad con humildad, porque sabemos que el amor misericordioso de Dios no afloja a pesar de nuestras traiciones y flojeras.<\/span><\/span><\/p>\n<p align=\"justify\"><span lang=\"es-mx\"><span style=\"font-family: Tahoma;\">\u00a0\u00a0 Si para vivir en la verdad nos acobarda la mirada de los hombres; que nos de valent\u00eda y coraje la mirada de Dios, rico en misericordia, que nos ama por lo que somos y no por lo que mostramos. (I Sam 16,7)<\/span><\/span><\/p>\n<p align=\"justify\"><span lang=\"es-mx\"><span style=\"font-family: Tahoma;\">\u00a0\u00a0 Iniciamos la cuaresma con la imposici\u00f3n de las cenizas invitados por la voz fuerte del Maestro: \u201cConvi\u00e9rtanse y crean en el Evangelio\u201d. Jes\u00fas nos llama a una conversi\u00f3n real y sincera. Se nos invita a un cambio de mentalidad como respuesta de fe aut\u00e9ntica.<\/span><\/span><\/p>\n<p align=\"justify\"><span lang=\"es-mx\"><span style=\"font-family: Tahoma;\">\u00a0\u00a0 Cuaresma es \u00abun tiempo favorable\u00bb. Lo mejor que pod\u00eda sucedernos, Dios quiere que nos suceda, pero no sin nosotros. Dios quiere llegar a nuestra vida y reconstruirla. Este es el gozo sereno y profundo que se esconde detr\u00e1s de la conversi\u00f3n que se nos invita a vivir.<\/span><\/span><\/p>\n<p align=\"justify\"><span lang=\"es-mx\"><span style=\"font-family: Tahoma;\">\u00a0\u00a0 Vivamos esta cuaresma de cara a Dios, desde una oraci\u00f3n que no se conforma con palabras y gestos exteriores, sino que brota de la pobreza m\u00e1s radical del coraz\u00f3n.<\/span><\/span><\/p>\n<p align=\"justify\"><span lang=\"es-mx\"><span style=\"font-family: Tahoma;\">\u00a0\u00a0 Trabajemos esta cuaresma de cara a nosotros mismos con un ayuno, que es renuncia a lo secundario para ganar en verdad y libertad.<\/span><\/span><\/p>\n<p align=\"justify\"><span lang=\"es-mx\"><span style=\"font-family: Tahoma;\">\u00a0\u00a0 Andemos esta cuaresma de cara a los hermanos con una caridad generosa y palpable, que no busca ostentaci\u00f3n, sino que brota de un amor verdadero y desinteresado.<\/span><\/span><\/p>\n<p align=\"justify\"><span lang=\"es-mx\"><span style=\"font-family: Tahoma;\">\u00a0\u00a0 Caminemos hacia la pascua desde la verdad que nos reconcilia, que nos estimula, que nos hace crecer con la certeza que nos dan las palabras de Jes\u00fas, que se jug\u00f3 de verdad y por la verdad: \u201cno teman yo he vencido al mundo\u201d.<\/span><\/span><\/p>\n<p align=\"justify\"><span lang=\"es-mx\"><span style=\"font-family: Tahoma;\">\u00a0\u00a0 Que tengan una santa Cuaresma en la verdad que nos abre a la misericordia del Padre.<\/span><\/span><\/p>\n<p align=\"right\"><span lang=\"es-mx\"><span style=\"font-family: Tahoma;\">Buenos Aires 18 de febrero de 2015, Mi\u00e9rcoles de Ceniza<br \/>\nMonse\u00f1or Eduardo H. Garc\u00eda<br \/>\nObispo de San Justo<\/span><\/span><\/p>\n","protected":false},"excerpt":{"rendered":"<p>Cuaresma Tiempo para andar en la verdad A los Sacerdotes, Consagrados, Consagradas y Laicos de la Di\u00f3cesis \u00a0\u00a0\u00a0\u00a0\u00a0\u00a0\u00a0\u00a0\u00a0\u00a0\u00a0\u00a0\u00a0\u00a0\u00a0\u00a0\u00a0\u00a0\u00a0\u00a0\u00a0\u00a0\u00a0\u00a0\u00a0\u00a0\u00a0\u00a0\u00a0\u00a0\u00a0\u00a0\u00a0\u00a0\u00a0\u00a0\u00a0\u00a0\u00a0\u00a0\u00a0\u00a0\u00a0\u00a0\u00a0\u00a0\u00a0\u00a0\u00a0\u00a0\u00a0\u00a0\u00a0\u00a0\u00a0\u00a0\u00a0\u00a0\u00a0\u00a0\u00a0\u00a0\u00a0\u00a0\u00a0\u00a0\u00a0\u00a0\u00a0\u00a0\u00a0\u00a0\u00a0\u00a0\u00a0\u00a0\u00a0\u00a0\u00a0\u00a0\u00a0\u00a0\u00a0\u00a0\u00a0\u00a0\u00a0\u00a0\u00a0\u00a0\u00a0\u00a0\u00a0\u00a0\u00a0\u00a0\u00a0\u00a0\u00a0\u00a0\u00a0\u00a0\u00a0 \u201cTu padre que ve en lo secreto \u2026\u201d Mateo 6,6 \u00a0 La apariencia no es sincera es el t\u00edtulo de una vieja canci\u00f3n. Esta afirmaci\u00f3n pone de relieve algo tan antiguo como el hombre que, si bien [&hellip;]<\/p>\n","protected":false},"author":1,"featured_media":1264,"comment_status":"closed","ping_status":"closed","sticky":false,"template":"","format":"standard","meta":[],"categories":[2],"tags":[],"_links":{"self":[{"href":"http:\/\/www.diocesisdesanjusto.org\/index.php\/wp-json\/wp\/v2\/posts\/41"}],"collection":[{"href":"http:\/\/www.diocesisdesanjusto.org\/index.php\/wp-json\/wp\/v2\/posts"}],"about":[{"href":"http:\/\/www.diocesisdesanjusto.org\/index.php\/wp-json\/wp\/v2\/types\/post"}],"author":[{"embeddable":true,"href":"http:\/\/www.diocesisdesanjusto.org\/index.php\/wp-json\/wp\/v2\/users\/1"}],"replies":[{"embeddable":true,"href":"http:\/\/www.diocesisdesanjusto.org\/index.php\/wp-json\/wp\/v2\/comments?post=41"}],"version-history":[{"count":1,"href":"http:\/\/www.diocesisdesanjusto.org\/index.php\/wp-json\/wp\/v2\/posts\/41\/revisions"}],"predecessor-version":[{"id":90,"href":"http:\/\/www.diocesisdesanjusto.org\/index.php\/wp-json\/wp\/v2\/posts\/41\/revisions\/90"}],"wp:featuredmedia":[{"embeddable":true,"href":"http:\/\/www.diocesisdesanjusto.org\/index.php\/wp-json\/wp\/v2\/media\/1264"}],"wp:attachment":[{"href":"http:\/\/www.diocesisdesanjusto.org\/index.php\/wp-json\/wp\/v2\/media?parent=41"}],"wp:term":[{"taxonomy":"category","embeddable":true,"href":"http:\/\/www.diocesisdesanjusto.org\/index.php\/wp-json\/wp\/v2\/categories?post=41"},{"taxonomy":"post_tag","embeddable":true,"href":"http:\/\/www.diocesisdesanjusto.org\/index.php\/wp-json\/wp\/v2\/tags?post=41"}],"curies":[{"name":"wp","href":"https:\/\/api.w.org\/{rel}","templated":true}]}}