{"id":2138,"date":"2022-02-23T22:55:31","date_gmt":"2022-02-23T22:55:31","guid":{"rendered":"http:\/\/www.diocesisdesanjusto.org\/?p=2138"},"modified":"2022-02-23T22:55:31","modified_gmt":"2022-02-23T22:55:31","slug":"misa-de-miercoles-de-ceniza-presidida-por-nuestro-obispo","status":"publish","type":"post","link":"http:\/\/www.diocesisdesanjusto.org\/index.php\/2022\/02\/23\/misa-de-miercoles-de-ceniza-presidida-por-nuestro-obispo\/","title":{"rendered":"Misa de mi\u00e9rcoles de ceniza presidida por nuestro Obispo"},"content":{"rendered":"<h1><span style=\"color: #000080;\">COMIENZA LA CUARESMA<\/span><\/h1>\n<hr \/>\n<pre>Faltando una semana para comenzar la Cuaresma, les compartimos\r\nlos horarios de las Misas con imposici\u00f3n de la ceniza, en nuestra\r\niglesia madre catedral de San Justo.\r\n\r\nLa Santa Misa de las 19 hs ser\u00e1 presidida por nuestro obispo,\r\nMonse\u00f1or Eduardo Garc\u00eda.\r\n\r\nToda la comunidad diocesana esta invitada a participar de alguna\r\nde estas celebraciones o en las comunidades mas cercanas a su domicilio.\r\n\r\n<img decoding=\"async\" loading=\"lazy\" class=\"alignnone size-medium wp-image-2139\" src=\"http:\/\/www.diocesisdesanjusto.org\/wp-content\/uploads\/miercoles-de-cenizas-catedral--300x300.png\" alt=\"\" width=\"300\" height=\"300\" srcset=\"http:\/\/www.diocesisdesanjusto.org\/wp-content\/uploads\/miercoles-de-cenizas-catedral--300x300.png 300w, http:\/\/www.diocesisdesanjusto.org\/wp-content\/uploads\/miercoles-de-cenizas-catedral--150x150.png 150w, http:\/\/www.diocesisdesanjusto.org\/wp-content\/uploads\/miercoles-de-cenizas-catedral--768x768.png 768w, http:\/\/www.diocesisdesanjusto.org\/wp-content\/uploads\/miercoles-de-cenizas-catedral--1024x1024.png 1024w, http:\/\/www.diocesisdesanjusto.org\/wp-content\/uploads\/miercoles-de-cenizas-catedral-.png 1080w\" sizes=\"(max-width: 300px) 100vw, 300px\" \/><\/pre>\n","protected":false},"excerpt":{"rendered":"<p>COMIENZA LA CUARESMA Faltando una semana para comenzar la Cuaresma, les compartimos los horarios de las Misas con imposici\u00f3n de la ceniza, en nuestra iglesia madre catedral de San Justo. La Santa Misa de las 19 hs ser\u00e1 presidida por nuestro obispo, Monse\u00f1or Eduardo Garc\u00eda. Toda la comunidad diocesana esta invitada a participar de alguna [&hellip;]<\/p>\n","protected":false},"author":2,"featured_media":2139,"comment_status":"closed","ping_status":"closed","sticky":false,"template":"","format":"standard","meta":[],"categories":[4],"tags":[],"_links":{"self":[{"href":"http:\/\/www.diocesisdesanjusto.org\/index.php\/wp-json\/wp\/v2\/posts\/2138"}],"collection":[{"href":"http:\/\/www.diocesisdesanjusto.org\/index.php\/wp-json\/wp\/v2\/posts"}],"about":[{"href":"http:\/\/www.diocesisdesanjusto.org\/index.php\/wp-json\/wp\/v2\/types\/post"}],"author":[{"embeddable":true,"href":"http:\/\/www.diocesisdesanjusto.org\/index.php\/wp-json\/wp\/v2\/users\/2"}],"replies":[{"embeddable":true,"href":"http:\/\/www.diocesisdesanjusto.org\/index.php\/wp-json\/wp\/v2\/comments?post=2138"}],"version-history":[{"count":1,"href":"http:\/\/www.diocesisdesanjusto.org\/index.php\/wp-json\/wp\/v2\/posts\/2138\/revisions"}],"predecessor-version":[{"id":2140,"href":"http:\/\/www.diocesisdesanjusto.org\/index.php\/wp-json\/wp\/v2\/posts\/2138\/revisions\/2140"}],"wp:featuredmedia":[{"embeddable":true,"href":"http:\/\/www.diocesisdesanjusto.org\/index.php\/wp-json\/wp\/v2\/media\/2139"}],"wp:attachment":[{"href":"http:\/\/www.diocesisdesanjusto.org\/index.php\/wp-json\/wp\/v2\/media?parent=2138"}],"wp:term":[{"taxonomy":"category","embeddable":true,"href":"http:\/\/www.diocesisdesanjusto.org\/index.php\/wp-json\/wp\/v2\/categories?post=2138"},{"taxonomy":"post_tag","embeddable":true,"href":"http:\/\/www.diocesisdesanjusto.org\/index.php\/wp-json\/wp\/v2\/tags?post=2138"}],"curies":[{"name":"wp","href":"https:\/\/api.w.org\/{rel}","templated":true}]}}