{"id":2126,"date":"2021-10-22T23:59:28","date_gmt":"2021-10-22T23:59:28","guid":{"rendered":"http:\/\/www.diocesisdesanjusto.org\/?p=2126"},"modified":"2021-10-23T00:01:41","modified_gmt":"2021-10-23T00:01:41","slug":"pre-asamblea-diocesana-2021","status":"publish","type":"post","link":"http:\/\/www.diocesisdesanjusto.org\/index.php\/2021\/10\/22\/pre-asamblea-diocesana-2021\/","title":{"rendered":"Pre asamblea diocesana 2021"},"content":{"rendered":"<h1><span style=\"color: #000080;\">Pre Asamblea diocesana 2021<\/span><\/h1>\n<pre>En la tarde de este viernes 22 de octubre se realizo la pre asamblea diocesana \r\nprepar\u00e1ndonos para lo que sea la Asamblea el pr\u00f3ximo 26 de noviembre.\r\nA continuaci\u00f3n se adjunto el material presentado y expuesto por Monse\u00f1or Eduardo\r\nGarcia.\r\n\r\n<iframe class=\"wp-embedded-content\" sandbox=\"allow-scripts\" security=\"restricted\" frameborder='0' width='1200' height='675' src='https:\/\/view.genial.ly\/6171e9088131fe0da2e0bb10#?secret=GIZNi63z8S' data-secret='GIZNi63z8S' scrolling='yes'><\/iframe>\r\nDescargar Power Point: <a href=\"http:\/\/www.diocesisdesanjusto.org\/wp-content\/uploads\/diciionacio.pptx\">diciionacio<\/a> \r\n\r\n<img decoding=\"async\" loading=\"lazy\" class=\"alignnone size-medium wp-image-2128\" src=\"http:\/\/www.diocesisdesanjusto.org\/wp-content\/uploads\/pre-asamblea-300x300.jpg\" alt=\"\" width=\"300\" height=\"300\" srcset=\"http:\/\/www.diocesisdesanjusto.org\/wp-content\/uploads\/pre-asamblea-300x300.jpg 300w, http:\/\/www.diocesisdesanjusto.org\/wp-content\/uploads\/pre-asamblea-150x150.jpg 150w, http:\/\/www.diocesisdesanjusto.org\/wp-content\/uploads\/pre-asamblea.jpg 750w\" sizes=\"(max-width: 300px) 100vw, 300px\" \/>\r\n<\/pre>\n","protected":false},"excerpt":{"rendered":"<p>Pre Asamblea diocesana 2021 En la tarde de este viernes 22 de octubre se realizo la pre asamblea diocesana prepar\u00e1ndonos para lo que sea la Asamblea el pr\u00f3ximo 26 de noviembre. A continuaci\u00f3n se adjunto el material presentado y expuesto por Monse\u00f1or Eduardo Garcia. Descargar Power Point: diciionacio<\/p>\n","protected":false},"author":2,"featured_media":2128,"comment_status":"closed","ping_status":"closed","sticky":false,"template":"","format":"standard","meta":[],"categories":[4],"tags":[],"_links":{"self":[{"href":"http:\/\/www.diocesisdesanjusto.org\/index.php\/wp-json\/wp\/v2\/posts\/2126"}],"collection":[{"href":"http:\/\/www.diocesisdesanjusto.org\/index.php\/wp-json\/wp\/v2\/posts"}],"about":[{"href":"http:\/\/www.diocesisdesanjusto.org\/index.php\/wp-json\/wp\/v2\/types\/post"}],"author":[{"embeddable":true,"href":"http:\/\/www.diocesisdesanjusto.org\/index.php\/wp-json\/wp\/v2\/users\/2"}],"replies":[{"embeddable":true,"href":"http:\/\/www.diocesisdesanjusto.org\/index.php\/wp-json\/wp\/v2\/comments?post=2126"}],"version-history":[{"count":3,"href":"http:\/\/www.diocesisdesanjusto.org\/index.php\/wp-json\/wp\/v2\/posts\/2126\/revisions"}],"predecessor-version":[{"id":2131,"href":"http:\/\/www.diocesisdesanjusto.org\/index.php\/wp-json\/wp\/v2\/posts\/2126\/revisions\/2131"}],"wp:featuredmedia":[{"embeddable":true,"href":"http:\/\/www.diocesisdesanjusto.org\/index.php\/wp-json\/wp\/v2\/media\/2128"}],"wp:attachment":[{"href":"http:\/\/www.diocesisdesanjusto.org\/index.php\/wp-json\/wp\/v2\/media?parent=2126"}],"wp:term":[{"taxonomy":"category","embeddable":true,"href":"http:\/\/www.diocesisdesanjusto.org\/index.php\/wp-json\/wp\/v2\/categories?post=2126"},{"taxonomy":"post_tag","embeddable":true,"href":"http:\/\/www.diocesisdesanjusto.org\/index.php\/wp-json\/wp\/v2\/tags?post=2126"}],"curies":[{"name":"wp","href":"https:\/\/api.w.org\/{rel}","templated":true}]}}