{"id":2113,"date":"2021-10-06T12:02:21","date_gmt":"2021-10-06T12:02:21","guid":{"rendered":"http:\/\/www.diocesisdesanjusto.org\/?p=2113"},"modified":"2021-10-06T12:02:21","modified_gmt":"2021-10-06T12:02:21","slug":"51-peregrinacion-al-santuario-sagrado-corazon","status":"publish","type":"post","link":"http:\/\/www.diocesisdesanjusto.org\/index.php\/2021\/10\/06\/51-peregrinacion-al-santuario-sagrado-corazon\/","title":{"rendered":"51\u00b0 peregrinaci\u00f3n al Santuario Sagrado Coraz\u00f3n."},"content":{"rendered":"<h1><span style=\"color: #ff0000;\">51\u00b0 peregrinaci\u00f3n al Santuario Sagrado Coraz\u00f3n.<\/span><\/h1>\n<p>Mediante la conferencia de la Comisi\u00f3n de Organizadores y Peregrinos al Santuario, agradecemos a Dios nuestro Se\u00f1or, de poder realizar la 51\u00b0 Peregrinaci\u00f3n anual a Pie al Santuario Sagrado Coraz\u00f3n de Jes\u00fas.<\/p>\n<hr \/>\n<p style=\"padding-left: 30px;\">Como cada primer S\u00e1bado de Noviembre, viendo que el a\u00f1o pasado se realiz\u00f3 virtualmente la Peregrinaci\u00f3n, este a\u00f1o siguiendo las medidas sanitarias, podremos caminar hasta el Coraz\u00f3n de Jes\u00fas.<br \/>\nSe saldr\u00e1 de Catedral de Mor\u00f3n (Belgrano y Ntra. Sra Del Buen Viaje<br \/>\nCatedral de San Justo (Arieta y Tom\u00e1s J. Villegas)<br \/>\nParroquia San Juan Bautista (Mir\u00f3 y Rucci) I. Casanova. Pod\u00e9s consultar en la parroquia o capilla de tu zona.<br \/>\nTambi\u00e9n pod\u00e9s salir desde tu casa.<br \/>\nEn el d\u00eda, el Santuario permanecer\u00e1 abierto para recibir a los Peregrinos y se realizar\u00e1 Misas, bendiciones, confesiones, unci\u00f3n de los enfermos.<br \/>\nLas misas son: a las 10 hs. Por los enfermos<br \/>\n13 hs. Adoraci\u00f3n eucar\u00edstica<br \/>\n18 hs. Central por los Peregrinos, la presidir\u00e1n los Obispos de San Justo y Mor\u00f3n.<\/p>\n<p>Sagrado Coraz\u00f3n, cuid\u00e1 nuestras familias..<\/p>\n<p>&nbsp;<\/p>\n<p><img decoding=\"async\" loading=\"lazy\" class=\"alignnone size-medium wp-image-2114\" src=\"http:\/\/www.diocesisdesanjusto.org\/wp-content\/uploads\/243121988_2438038462998355_9125089824366026900_n-212x300.jpg\" alt=\"\" width=\"212\" height=\"300\" srcset=\"http:\/\/www.diocesisdesanjusto.org\/wp-content\/uploads\/243121988_2438038462998355_9125089824366026900_n-212x300.jpg 212w, http:\/\/www.diocesisdesanjusto.org\/wp-content\/uploads\/243121988_2438038462998355_9125089824366026900_n.jpg 509w\" sizes=\"(max-width: 212px) 100vw, 212px\" \/><\/p>\n","protected":false},"excerpt":{"rendered":"<p>51\u00b0 peregrinaci\u00f3n al Santuario Sagrado Coraz\u00f3n. Mediante la conferencia de la Comisi\u00f3n de Organizadores y Peregrinos al Santuario, agradecemos a Dios nuestro Se\u00f1or, de poder realizar la 51\u00b0 Peregrinaci\u00f3n anual a Pie al Santuario Sagrado Coraz\u00f3n de Jes\u00fas. Como cada primer S\u00e1bado de Noviembre, viendo que el a\u00f1o pasado se realiz\u00f3 virtualmente la Peregrinaci\u00f3n, este [&hellip;]<\/p>\n","protected":false},"author":2,"featured_media":2114,"comment_status":"closed","ping_status":"closed","sticky":false,"template":"","format":"standard","meta":[],"categories":[4],"tags":[],"_links":{"self":[{"href":"http:\/\/www.diocesisdesanjusto.org\/index.php\/wp-json\/wp\/v2\/posts\/2113"}],"collection":[{"href":"http:\/\/www.diocesisdesanjusto.org\/index.php\/wp-json\/wp\/v2\/posts"}],"about":[{"href":"http:\/\/www.diocesisdesanjusto.org\/index.php\/wp-json\/wp\/v2\/types\/post"}],"author":[{"embeddable":true,"href":"http:\/\/www.diocesisdesanjusto.org\/index.php\/wp-json\/wp\/v2\/users\/2"}],"replies":[{"embeddable":true,"href":"http:\/\/www.diocesisdesanjusto.org\/index.php\/wp-json\/wp\/v2\/comments?post=2113"}],"version-history":[{"count":1,"href":"http:\/\/www.diocesisdesanjusto.org\/index.php\/wp-json\/wp\/v2\/posts\/2113\/revisions"}],"predecessor-version":[{"id":2115,"href":"http:\/\/www.diocesisdesanjusto.org\/index.php\/wp-json\/wp\/v2\/posts\/2113\/revisions\/2115"}],"wp:featuredmedia":[{"embeddable":true,"href":"http:\/\/www.diocesisdesanjusto.org\/index.php\/wp-json\/wp\/v2\/media\/2114"}],"wp:attachment":[{"href":"http:\/\/www.diocesisdesanjusto.org\/index.php\/wp-json\/wp\/v2\/media?parent=2113"}],"wp:term":[{"taxonomy":"category","embeddable":true,"href":"http:\/\/www.diocesisdesanjusto.org\/index.php\/wp-json\/wp\/v2\/categories?post=2113"},{"taxonomy":"post_tag","embeddable":true,"href":"http:\/\/www.diocesisdesanjusto.org\/index.php\/wp-json\/wp\/v2\/tags?post=2113"}],"curies":[{"name":"wp","href":"https:\/\/api.w.org\/{rel}","templated":true}]}}