{"id":2106,"date":"2021-10-05T17:04:25","date_gmt":"2021-10-05T17:04:25","guid":{"rendered":"http:\/\/www.diocesisdesanjusto.org\/?p=2106"},"modified":"2021-10-05T19:46:09","modified_gmt":"2021-10-05T19:46:09","slug":"1-mes-de-la-pascua-de-nuestra-querida-hna-clementina","status":"publish","type":"post","link":"http:\/\/www.diocesisdesanjusto.org\/index.php\/2021\/10\/05\/1-mes-de-la-pascua-de-nuestra-querida-hna-clementina\/","title":{"rendered":"1\u00b0 mes de la Pascua de nuestra querida Hna. Clementina"},"content":{"rendered":"<h1 style=\"text-align: left;\"><span style=\"color: #000080;\">1\u00b0 MES DE LA PASCUA DE NUESTRA QUERIDA HNA. CLEMENTINA<\/span><\/h1>\n<hr \/>\n<pre>  El pr\u00f3ximo martes 12 de octubre, al cumplirse el primer mes de la partida de este mundo \r\na la casa del Padre de nuestra querida Hermana Clementina, Monse\u00f1or Eduardo Garc\u00eda, Obispo de\r\nnuestra di\u00f3cesis de San Justo presidir\u00e1 la Eucarist\u00eda en la Catedral de los Santos Justos y \r\nPastor a las 19 Hs.<\/pre>\n<pre>Toda la iglesia diocesana esta invitada a participar para pedir por el eterno descanso de \r\nla Hna. Clementina pero tambi\u00e9n para elevar una acci\u00f3n de gracias al Se\u00f1or por su vida y \r\npresencia en las nuestras.\r\n\r\n+ Hna. Clementina Sacks OP.\r\n20\/11\/1929 - 12\/09\/2021\r\n\r\n<img decoding=\"async\" loading=\"lazy\" class=\"alignnone size-medium wp-image-2107\" src=\"http:\/\/www.diocesisdesanjusto.org\/wp-content\/uploads\/clemen-mes-300x300.png\" alt=\"\" width=\"300\" height=\"300\" srcset=\"http:\/\/www.diocesisdesanjusto.org\/wp-content\/uploads\/clemen-mes-300x300.png 300w, http:\/\/www.diocesisdesanjusto.org\/wp-content\/uploads\/clemen-mes-150x150.png 150w, http:\/\/www.diocesisdesanjusto.org\/wp-content\/uploads\/clemen-mes-768x768.png 768w, http:\/\/www.diocesisdesanjusto.org\/wp-content\/uploads\/clemen-mes-1024x1024.png 1024w, http:\/\/www.diocesisdesanjusto.org\/wp-content\/uploads\/clemen-mes.png 1080w\" sizes=\"(max-width: 300px) 100vw, 300px\" \/><\/pre>\n","protected":false},"excerpt":{"rendered":"<p>1\u00b0 MES DE LA PASCUA DE NUESTRA QUERIDA HNA. CLEMENTINA El pr\u00f3ximo martes 12 de octubre, al cumplirse el primer mes de la partida de este mundo a la casa del Padre de nuestra querida Hermana Clementina, Monse\u00f1or Eduardo Garc\u00eda, Obispo de nuestra di\u00f3cesis de San Justo presidir\u00e1 la Eucarist\u00eda en la Catedral de los [&hellip;]<\/p>\n","protected":false},"author":2,"featured_media":2107,"comment_status":"closed","ping_status":"closed","sticky":false,"template":"","format":"standard","meta":[],"categories":[4],"tags":[],"_links":{"self":[{"href":"http:\/\/www.diocesisdesanjusto.org\/index.php\/wp-json\/wp\/v2\/posts\/2106"}],"collection":[{"href":"http:\/\/www.diocesisdesanjusto.org\/index.php\/wp-json\/wp\/v2\/posts"}],"about":[{"href":"http:\/\/www.diocesisdesanjusto.org\/index.php\/wp-json\/wp\/v2\/types\/post"}],"author":[{"embeddable":true,"href":"http:\/\/www.diocesisdesanjusto.org\/index.php\/wp-json\/wp\/v2\/users\/2"}],"replies":[{"embeddable":true,"href":"http:\/\/www.diocesisdesanjusto.org\/index.php\/wp-json\/wp\/v2\/comments?post=2106"}],"version-history":[{"count":3,"href":"http:\/\/www.diocesisdesanjusto.org\/index.php\/wp-json\/wp\/v2\/posts\/2106\/revisions"}],"predecessor-version":[{"id":2111,"href":"http:\/\/www.diocesisdesanjusto.org\/index.php\/wp-json\/wp\/v2\/posts\/2106\/revisions\/2111"}],"wp:featuredmedia":[{"embeddable":true,"href":"http:\/\/www.diocesisdesanjusto.org\/index.php\/wp-json\/wp\/v2\/media\/2107"}],"wp:attachment":[{"href":"http:\/\/www.diocesisdesanjusto.org\/index.php\/wp-json\/wp\/v2\/media?parent=2106"}],"wp:term":[{"taxonomy":"category","embeddable":true,"href":"http:\/\/www.diocesisdesanjusto.org\/index.php\/wp-json\/wp\/v2\/categories?post=2106"},{"taxonomy":"post_tag","embeddable":true,"href":"http:\/\/www.diocesisdesanjusto.org\/index.php\/wp-json\/wp\/v2\/tags?post=2106"}],"curies":[{"name":"wp","href":"https:\/\/api.w.org\/{rel}","templated":true}]}}