{"id":2046,"date":"2021-06-04T16:07:17","date_gmt":"2021-06-04T16:07:17","guid":{"rendered":"http:\/\/www.diocesisdesanjusto.org\/?p=2046"},"modified":"2021-06-05T16:09:38","modified_gmt":"2021-06-05T16:09:38","slug":"caravanas-de-corpus-2021-jesus-pasa-y-nos-bendice","status":"publish","type":"post","link":"http:\/\/www.diocesisdesanjusto.org\/index.php\/2021\/06\/04\/caravanas-de-corpus-2021-jesus-pasa-y-nos-bendice\/","title":{"rendered":"Caravanas de Corpus 2021 &#8211; \u00abJes\u00fas pasa y nos bendice\u00bb"},"content":{"rendered":"<div class=\"o9v6fnle cxmmr5t8 oygrvhab hcukyx3x c1et5uql ii04i59q\">\n<div dir=\"auto\">\u00a0El pr\u00f3ximo s\u00e1bado 5 de junio de 11 a 17 hs Jes\u00fas sacramentado recorrer\u00e1 las calles de nuestra querida di\u00f3cesis de San Justo. Esp\u00e9ralo con alegr\u00eda en la puerta de tu casa o en la esquina m\u00e1s cercana .<\/div>\n<\/div>\n<div class=\"o9v6fnle cxmmr5t8 oygrvhab hcukyx3x c1et5uql ii04i59q\">\n<div dir=\"auto\">A las 17 compartiremos la Misa diocesana transmitida por el Facebook \u201cEduardo Garc\u00eda\u201d<\/div>\n<\/div>\n<p><img decoding=\"async\" loading=\"lazy\" class=\"alignnone size-medium wp-image-2051\" src=\"http:\/\/www.diocesisdesanjusto.org\/wp-content\/uploads\/corpus-2-1-300x300.png\" alt=\"\" width=\"300\" height=\"300\" srcset=\"http:\/\/www.diocesisdesanjusto.org\/wp-content\/uploads\/corpus-2-1-300x300.png 300w, http:\/\/www.diocesisdesanjusto.org\/wp-content\/uploads\/corpus-2-1-150x150.png 150w, http:\/\/www.diocesisdesanjusto.org\/wp-content\/uploads\/corpus-2-1-768x768.png 768w, http:\/\/www.diocesisdesanjusto.org\/wp-content\/uploads\/corpus-2-1-1024x1024.png 1024w, http:\/\/www.diocesisdesanjusto.org\/wp-content\/uploads\/corpus-2-1.png 1080w\" sizes=\"(max-width: 300px) 100vw, 300px\" \/><img decoding=\"async\" loading=\"lazy\" class=\"alignnone size-medium wp-image-2049\" src=\"http:\/\/www.diocesisdesanjusto.org\/wp-content\/uploads\/catedral-300x300.jpeg\" alt=\"\" width=\"300\" height=\"300\" srcset=\"http:\/\/www.diocesisdesanjusto.org\/wp-content\/uploads\/catedral-300x300.jpeg 300w, http:\/\/www.diocesisdesanjusto.org\/wp-content\/uploads\/catedral-150x150.jpeg 150w, http:\/\/www.diocesisdesanjusto.org\/wp-content\/uploads\/catedral.jpeg 750w\" sizes=\"(max-width: 300px) 100vw, 300px\" \/><img decoding=\"async\" loading=\"lazy\" class=\"alignnone size-medium wp-image-2059\" src=\"http:\/\/www.diocesisdesanjusto.org\/wp-content\/uploads\/recorrido-catedral-300x170.jpeg\" alt=\"\" width=\"300\" height=\"170\" srcset=\"http:\/\/www.diocesisdesanjusto.org\/wp-content\/uploads\/recorrido-catedral-300x170.jpeg 300w, http:\/\/www.diocesisdesanjusto.org\/wp-content\/uploads\/recorrido-catedral-768x435.jpeg 768w, http:\/\/www.diocesisdesanjusto.org\/wp-content\/uploads\/recorrido-catedral-1024x580.jpeg 1024w, http:\/\/www.diocesisdesanjusto.org\/wp-content\/uploads\/recorrido-catedral.jpeg 1280w\" sizes=\"(max-width: 300px) 100vw, 300px\" \/><img decoding=\"async\" loading=\"lazy\" class=\"alignnone size-medium wp-image-2064\" src=\"http:\/\/www.diocesisdesanjusto.org\/wp-content\/uploads\/ssmo-nombre-300x300.jpeg\" alt=\"\" width=\"300\" height=\"300\" srcset=\"http:\/\/www.diocesisdesanjusto.org\/wp-content\/uploads\/ssmo-nombre-300x300.jpeg 300w, http:\/\/www.diocesisdesanjusto.org\/wp-content\/uploads\/ssmo-nombre-150x150.jpeg 150w, http:\/\/www.diocesisdesanjusto.org\/wp-content\/uploads\/ssmo-nombre-768x768.jpeg 768w, http:\/\/www.diocesisdesanjusto.org\/wp-content\/uploads\/ssmo-nombre-1024x1024.jpeg 1024w, http:\/\/www.diocesisdesanjusto.org\/wp-content\/uploads\/ssmo-nombre.jpeg 1280w\" sizes=\"(max-width: 300px) 100vw, 300px\" \/><img decoding=\"async\" loading=\"lazy\" class=\"alignnone size-medium wp-image-2063\" src=\"http:\/\/www.diocesisdesanjusto.org\/wp-content\/uploads\/san-roque-insuperable-300x300.jpeg\" alt=\"\" width=\"300\" height=\"300\" srcset=\"http:\/\/www.diocesisdesanjusto.org\/wp-content\/uploads\/san-roque-insuperable-300x300.jpeg 300w, http:\/\/www.diocesisdesanjusto.org\/wp-content\/uploads\/san-roque-insuperable-150x150.jpeg 150w, http:\/\/www.diocesisdesanjusto.org\/wp-content\/uploads\/san-roque-insuperable-768x768.jpeg 768w, http:\/\/www.diocesisdesanjusto.org\/wp-content\/uploads\/san-roque-insuperable-1024x1024.jpeg 1024w, http:\/\/www.diocesisdesanjusto.org\/wp-content\/uploads\/san-roque-insuperable.jpeg 1080w\" sizes=\"(max-width: 300px) 100vw, 300px\" \/><img decoding=\"async\" loading=\"lazy\" class=\"alignnone size-medium wp-image-2062\" src=\"http:\/\/www.diocesisdesanjusto.org\/wp-content\/uploads\/san-roque-casanova-300x300.jpeg\" alt=\"\" width=\"300\" height=\"300\" srcset=\"http:\/\/www.diocesisdesanjusto.org\/wp-content\/uploads\/san-roque-casanova-300x300.jpeg 300w, http:\/\/www.diocesisdesanjusto.org\/wp-content\/uploads\/san-roque-casanova-150x150.jpeg 150w, http:\/\/www.diocesisdesanjusto.org\/wp-content\/uploads\/san-roque-casanova-768x768.jpeg 768w, http:\/\/www.diocesisdesanjusto.org\/wp-content\/uploads\/san-roque-casanova-1024x1024.jpeg 1024w, http:\/\/www.diocesisdesanjusto.org\/wp-content\/uploads\/san-roque-casanova.jpeg 1280w\" sizes=\"(max-width: 300px) 100vw, 300px\" \/><img decoding=\"async\" loading=\"lazy\" class=\"alignnone size-medium wp-image-2056\" src=\"http:\/\/www.diocesisdesanjusto.org\/wp-content\/uploads\/fatima-casanova-212x300.jpeg\" alt=\"\" width=\"212\" height=\"300\" srcset=\"http:\/\/www.diocesisdesanjusto.org\/wp-content\/uploads\/fatima-casanova-212x300.jpeg 212w, http:\/\/www.diocesisdesanjusto.org\/wp-content\/uploads\/fatima-casanova-768x1087.jpeg 768w, http:\/\/www.diocesisdesanjusto.org\/wp-content\/uploads\/fatima-casanova-723x1024.jpeg 723w, http:\/\/www.diocesisdesanjusto.org\/wp-content\/uploads\/fatima-casanova.jpeg 904w\" sizes=\"(max-width: 212px) 100vw, 212px\" \/><img decoding=\"async\" loading=\"lazy\" class=\"alignnone size-medium wp-image-2061\" src=\"http:\/\/www.diocesisdesanjusto.org\/wp-content\/uploads\/san-panta-300x300.jpeg\" alt=\"\" width=\"300\" height=\"300\" srcset=\"http:\/\/www.diocesisdesanjusto.org\/wp-content\/uploads\/san-panta-300x300.jpeg 300w, http:\/\/www.diocesisdesanjusto.org\/wp-content\/uploads\/san-panta-150x150.jpeg 150w, http:\/\/www.diocesisdesanjusto.org\/wp-content\/uploads\/san-panta-768x769.jpeg 768w, http:\/\/www.diocesisdesanjusto.org\/wp-content\/uploads\/san-panta-1024x1024.jpeg 1024w, http:\/\/www.diocesisdesanjusto.org\/wp-content\/uploads\/san-panta.jpeg 1279w\" sizes=\"(max-width: 300px) 100vw, 300px\" \/><img decoding=\"async\" loading=\"lazy\" class=\"alignnone size-medium wp-image-2060\" src=\"http:\/\/www.diocesisdesanjusto.org\/wp-content\/uploads\/sagrado-evita-212x300.jpeg\" alt=\"\" width=\"212\" height=\"300\" srcset=\"http:\/\/www.diocesisdesanjusto.org\/wp-content\/uploads\/sagrado-evita-212x300.jpeg 212w, http:\/\/www.diocesisdesanjusto.org\/wp-content\/uploads\/sagrado-evita-768x1087.jpeg 768w, http:\/\/www.diocesisdesanjusto.org\/wp-content\/uploads\/sagrado-evita-723x1024.jpeg 723w, http:\/\/www.diocesisdesanjusto.org\/wp-content\/uploads\/sagrado-evita.jpeg 904w\" sizes=\"(max-width: 212px) 100vw, 212px\" \/><img decoding=\"async\" loading=\"lazy\" class=\"alignnone size-medium wp-image-2048\" src=\"http:\/\/www.diocesisdesanjusto.org\/wp-content\/uploads\/angelleli-212x300.jpeg\" alt=\"\" width=\"212\" height=\"300\" srcset=\"http:\/\/www.diocesisdesanjusto.org\/wp-content\/uploads\/angelleli-212x300.jpeg 212w, http:\/\/www.diocesisdesanjusto.org\/wp-content\/uploads\/angelleli-768x1087.jpeg 768w, http:\/\/www.diocesisdesanjusto.org\/wp-content\/uploads\/angelleli-723x1024.jpeg 723w, http:\/\/www.diocesisdesanjusto.org\/wp-content\/uploads\/angelleli.jpeg 904w\" sizes=\"(max-width: 212px) 100vw, 212px\" \/><img decoding=\"async\" loading=\"lazy\" class=\"alignnone size-medium wp-image-2067\" src=\"http:\/\/www.diocesisdesanjusto.org\/wp-content\/uploads\/san-alberto-copia-300x300.jpeg\" alt=\"\" width=\"300\" height=\"300\" srcset=\"http:\/\/www.diocesisdesanjusto.org\/wp-content\/uploads\/san-alberto-copia-300x300.jpeg 300w, http:\/\/www.diocesisdesanjusto.org\/wp-content\/uploads\/san-alberto-copia-150x150.jpeg 150w, http:\/\/www.diocesisdesanjusto.org\/wp-content\/uploads\/san-alberto-copia-768x768.jpeg 768w, http:\/\/www.diocesisdesanjusto.org\/wp-content\/uploads\/san-alberto-copia-1024x1024.jpeg 1024w, http:\/\/www.diocesisdesanjusto.org\/wp-content\/uploads\/san-alberto-copia.jpeg 1080w\" sizes=\"(max-width: 300px) 100vw, 300px\" \/>\u00a0<img decoding=\"async\" loading=\"lazy\" class=\"alignnone size-medium wp-image-2068\" src=\"http:\/\/www.diocesisdesanjusto.org\/wp-content\/uploads\/san-alberto-2-copia-300x300.jpeg\" alt=\"\" width=\"300\" height=\"300\" srcset=\"http:\/\/www.diocesisdesanjusto.org\/wp-content\/uploads\/san-alberto-2-copia-300x300.jpeg 300w, http:\/\/www.diocesisdesanjusto.org\/wp-content\/uploads\/san-alberto-2-copia-150x150.jpeg 150w, http:\/\/www.diocesisdesanjusto.org\/wp-content\/uploads\/san-alberto-2-copia-768x768.jpeg 768w, http:\/\/www.diocesisdesanjusto.org\/wp-content\/uploads\/san-alberto-2-copia-1024x1024.jpeg 1024w, http:\/\/www.diocesisdesanjusto.org\/wp-content\/uploads\/san-alberto-2-copia.jpeg 1080w\" sizes=\"(max-width: 300px) 100vw, 300px\" \/>\u00a0<img decoding=\"async\" loading=\"lazy\" class=\"alignnone size-medium wp-image-2069\" src=\"http:\/\/www.diocesisdesanjusto.org\/wp-content\/uploads\/sjb-y-sta-clara-copia-300x300.jpeg\" alt=\"\" width=\"300\" height=\"300\" srcset=\"http:\/\/www.diocesisdesanjusto.org\/wp-content\/uploads\/sjb-y-sta-clara-copia-300x300.jpeg 300w, http:\/\/www.diocesisdesanjusto.org\/wp-content\/uploads\/sjb-y-sta-clara-copia-150x150.jpeg 150w, http:\/\/www.diocesisdesanjusto.org\/wp-content\/uploads\/sjb-y-sta-clara-copia-768x768.jpeg 768w, http:\/\/www.diocesisdesanjusto.org\/wp-content\/uploads\/sjb-y-sta-clara-copia.jpeg 800w\" sizes=\"(max-width: 300px) 100vw, 300px\" \/><img decoding=\"async\" loading=\"lazy\" class=\"alignnone size-medium wp-image-2075\" src=\"http:\/\/www.diocesisdesanjusto.org\/wp-content\/uploads\/de-la-guardia-300x228.jpeg\" alt=\"\" width=\"300\" height=\"228\" srcset=\"http:\/\/www.diocesisdesanjusto.org\/wp-content\/uploads\/de-la-guardia-300x228.jpeg 300w, http:\/\/www.diocesisdesanjusto.org\/wp-content\/uploads\/de-la-guardia-768x585.jpeg 768w, http:\/\/www.diocesisdesanjusto.org\/wp-content\/uploads\/de-la-guardia.jpeg 881w\" sizes=\"(max-width: 300px) 100vw, 300px\" \/> <img decoding=\"async\" loading=\"lazy\" class=\"alignnone size-medium wp-image-2076\" src=\"http:\/\/www.diocesisdesanjusto.org\/wp-content\/uploads\/la-guardia-300x300.jpeg\" alt=\"\" width=\"300\" height=\"300\" srcset=\"http:\/\/www.diocesisdesanjusto.org\/wp-content\/uploads\/la-guardia-300x300.jpeg 300w, http:\/\/www.diocesisdesanjusto.org\/wp-content\/uploads\/la-guardia-150x150.jpeg 150w, http:\/\/www.diocesisdesanjusto.org\/wp-content\/uploads\/la-guardia-768x768.jpeg 768w, http:\/\/www.diocesisdesanjusto.org\/wp-content\/uploads\/la-guardia-1024x1024.jpeg 1024w, http:\/\/www.diocesisdesanjusto.org\/wp-content\/uploads\/la-guardia.jpeg 1080w\" sizes=\"(max-width: 300px) 100vw, 300px\" \/><img decoding=\"async\" loading=\"lazy\" class=\"alignnone size-medium wp-image-2078\" src=\"http:\/\/www.diocesisdesanjusto.org\/wp-content\/uploads\/maux-recorrido-300x225.jpeg\" alt=\"\" width=\"300\" height=\"225\" srcset=\"http:\/\/www.diocesisdesanjusto.org\/wp-content\/uploads\/maux-recorrido-300x225.jpeg 300w, http:\/\/www.diocesisdesanjusto.org\/wp-content\/uploads\/maux-recorrido-768x576.jpeg 768w, http:\/\/www.diocesisdesanjusto.org\/wp-content\/uploads\/maux-recorrido.jpeg 960w\" sizes=\"(max-width: 300px) 100vw, 300px\" \/> <img decoding=\"async\" loading=\"lazy\" class=\"alignnone size-medium wp-image-2079\" src=\"http:\/\/www.diocesisdesanjusto.org\/wp-content\/uploads\/maux-300x225.jpeg\" alt=\"\" width=\"300\" height=\"225\" srcset=\"http:\/\/www.diocesisdesanjusto.org\/wp-content\/uploads\/maux-300x225.jpeg 300w, http:\/\/www.diocesisdesanjusto.org\/wp-content\/uploads\/maux-768x576.jpeg 768w, http:\/\/www.diocesisdesanjusto.org\/wp-content\/uploads\/maux.jpeg 960w\" sizes=\"(max-width: 300px) 100vw, 300px\" \/><img decoding=\"async\" loading=\"lazy\" class=\"alignnone size-medium wp-image-2058\" src=\"http:\/\/www.diocesisdesanjusto.org\/wp-content\/uploads\/misa-diocesana-300x300.jpeg\" alt=\"\" width=\"300\" height=\"300\" srcset=\"http:\/\/www.diocesisdesanjusto.org\/wp-content\/uploads\/misa-diocesana-300x300.jpeg 300w, http:\/\/www.diocesisdesanjusto.org\/wp-content\/uploads\/misa-diocesana-150x150.jpeg 150w, http:\/\/www.diocesisdesanjusto.org\/wp-content\/uploads\/misa-diocesana-768x768.jpeg 768w, http:\/\/www.diocesisdesanjusto.org\/wp-content\/uploads\/misa-diocesana-1024x1024.jpeg 1024w, http:\/\/www.diocesisdesanjusto.org\/wp-content\/uploads\/misa-diocesana.jpeg 1080w\" sizes=\"(max-width: 300px) 100vw, 300px\" \/><\/p>\n","protected":false},"excerpt":{"rendered":"<p>\u00a0El pr\u00f3ximo s\u00e1bado 5 de junio de 11 a 17 hs Jes\u00fas sacramentado recorrer\u00e1 las calles de nuestra querida di\u00f3cesis de San Justo. Esp\u00e9ralo con alegr\u00eda en la puerta de tu casa o en la esquina m\u00e1s cercana . A las 17 compartiremos la Misa diocesana transmitida por el Facebook \u201cEduardo Garc\u00eda\u201d \u00a0\u00a0<\/p>\n","protected":false},"author":2,"featured_media":2051,"comment_status":"closed","ping_status":"closed","sticky":false,"template":"","format":"gallery","meta":[],"categories":[4],"tags":[],"_links":{"self":[{"href":"http:\/\/www.diocesisdesanjusto.org\/index.php\/wp-json\/wp\/v2\/posts\/2046"}],"collection":[{"href":"http:\/\/www.diocesisdesanjusto.org\/index.php\/wp-json\/wp\/v2\/posts"}],"about":[{"href":"http:\/\/www.diocesisdesanjusto.org\/index.php\/wp-json\/wp\/v2\/types\/post"}],"author":[{"embeddable":true,"href":"http:\/\/www.diocesisdesanjusto.org\/index.php\/wp-json\/wp\/v2\/users\/2"}],"replies":[{"embeddable":true,"href":"http:\/\/www.diocesisdesanjusto.org\/index.php\/wp-json\/wp\/v2\/comments?post=2046"}],"version-history":[{"count":9,"href":"http:\/\/www.diocesisdesanjusto.org\/index.php\/wp-json\/wp\/v2\/posts\/2046\/revisions"}],"predecessor-version":[{"id":2082,"href":"http:\/\/www.diocesisdesanjusto.org\/index.php\/wp-json\/wp\/v2\/posts\/2046\/revisions\/2082"}],"wp:featuredmedia":[{"embeddable":true,"href":"http:\/\/www.diocesisdesanjusto.org\/index.php\/wp-json\/wp\/v2\/media\/2051"}],"wp:attachment":[{"href":"http:\/\/www.diocesisdesanjusto.org\/index.php\/wp-json\/wp\/v2\/media?parent=2046"}],"wp:term":[{"taxonomy":"category","embeddable":true,"href":"http:\/\/www.diocesisdesanjusto.org\/index.php\/wp-json\/wp\/v2\/categories?post=2046"},{"taxonomy":"post_tag","embeddable":true,"href":"http:\/\/www.diocesisdesanjusto.org\/index.php\/wp-json\/wp\/v2\/tags?post=2046"}],"curies":[{"name":"wp","href":"https:\/\/api.w.org\/{rel}","templated":true}]}}