{"id":1054,"date":"2019-03-29T14:17:56","date_gmt":"2019-03-29T14:17:56","guid":{"rendered":"http:\/\/test.w3itsolutions.net\/design\/wp_sanjusto\/?p=1054"},"modified":"2025-05-30T14:13:31","modified_gmt":"2025-05-30T14:13:31","slug":"decanatos-diocesis-de-san-justo","status":"publish","type":"post","link":"http:\/\/www.diocesisdesanjusto.org\/index.php\/2019\/03\/29\/decanatos-diocesis-de-san-justo\/","title":{"rendered":"Decanatos Di\u00f3cesis de San Justo"},"content":{"rendered":"<p><strong>Nueva distribuci\u00f3n de Parroquias y Decanatos<\/strong><\/p>\n<p>La nueva divisi\u00f3n en cuatro decanatos es <strong><em>\u201cad experimentum por tres a\u00f1os\u201d <\/em><\/strong>para iniciar el trabajo del camino jubilar diocesano. El criterio ha sido la divisi\u00f3n natural que crea la Av. Provincias Unidas &#8211; ruta 3 &#8211; y las v\u00edas del ferrocarril Gral. Roca (con excepci\u00f3n de las Parroquias de Lourdes, Asunci\u00f3n y Nuestra Se\u00f1ora de las Gracias.<\/p>\n<p>Los decanatos quedar\u00edan conformados de la siguiente manera:<\/p>\n<p><strong>Decanato 1: Sagrada Familia<\/strong><\/p>\n<ul>\n<li>Santos Justo y Pastor<\/li>\n<li>Stella Maris<\/li>\n<li>Sagrado Coraz\u00f3n de Jes\u00fas (Santuario)<\/li>\n<li>San Nicol\u00e1s de Bari<\/li>\n<li>Santa Rita<\/li>\n<li>Nuestra Se\u00f1ora de F\u00e1tima y de los Santos Pastores<\/li>\n<li>San Roque -Isidro Casanova<\/li>\n<li>San Juan Bautista<\/li>\n<li>Nuestra Se\u00f1ora de Lourdes<\/li>\n<li>Asunci\u00f3n de la Sant\u00edsima Virgen<\/li>\n<\/ul>\n<p>Decano: Pbro. Ignacio Rolleri<br \/>\nVice-decano: Pbro. Juan Carlos Cagliani<\/p>\n<p><strong>Decanato 2: Virgen de Luj\u00e1n<\/strong><\/p>\n<ul>\n<li>Mar\u00eda Auxiliadora<\/li>\n<li>Mar\u00eda Reina<\/li>\n<li>Sant\u00edsimo Redentor<\/li>\n<li>Nuestra Se\u00f1ora del Carmen<\/li>\n<li>San Pablo<\/li>\n<li>Madre de Dios<\/li>\n<li>San Juan Bosco y Santa Clara<\/li>\n<li>Nuestra Se\u00f1ora de F\u00e1tima<\/li>\n<li>Monte Carmelo<\/li>\n<li>Nuestra Sra. del Sagrado Coraz\u00f3n<\/li>\n<\/ul>\n<p>Decano: Pbro. Fabi\u00e1n Fusca<br \/>\nVice-decano: Pbro. Roberto Scardamaglia<\/p>\n<p><strong>Decanato 3: Jes\u00fas Buen Pastor<\/strong><\/p>\n<ul>\n<li>Sant\u00edsimo Nombre de Mar\u00eda<\/li>\n<li>San Roque \u2013 Villa Insuperable<\/li>\n<li>San Pantale\u00f3n<\/li>\n<li>Nuestra Se\u00f1ora de la Monta\u00f1a<\/li>\n<li>Santa Rosa de Lima<\/li>\n<li>San Jos\u00e9 Obrero<\/li>\n<li>San Carlos Borromeo e Inmaculada Concepci\u00f3n<\/li>\n<li>Se\u00f1ora de Luj\u00e1n y San Luis Gonzaga<\/li>\n<li>Sagrado Coraz\u00f3n de Jes\u00fas \u2013 Villa Celina<\/li>\n<li>Nuestra Se\u00f1ora de la Guardia<\/li>\n<li>Nuestra Se\u00f1ora de las Gracias<\/li>\n<\/ul>\n<p>Decano: Pbro. Ram\u00f3n Gavil\u00e1n<br \/>\nVice-decano: Pbro. Marco Mikalonis<\/p>\n<p><strong>Decanato 4: Cura Brochero<\/strong><\/p>\n<p>1-Nuestra Se\u00f1ora de Luj\u00e1n<br \/>\n2- San P\u00edo X<br \/>\n3- Nuestra Se\u00f1ora de la Salud<br \/>\n4- San Roque Gonz\u00e1lez y compa\u00f1eros M\u00e1rtires<br \/>\n5- Nuestra Se\u00f1ora de Itat\u00ed<br \/>\n6- San Jos\u00e9<br \/>\n7- Sagrado Coraz\u00f3n de Jes\u00fas \u2013 Ciudad Evita<br \/>\n8- San Antonio de Padua<br \/>\n9- San Cayetano<br \/>\n10-San Alberto Magno<br \/>\n11-Beato Enrique Angelleli<\/p>\n<p>Decano: Pbro. Santiago Rostom Maderna<br \/>\nVice-decano: Pbro. Leonardo Pereyra<\/p>\n","protected":false},"excerpt":{"rendered":"<p>Nueva distribuci\u00f3n de Parroquias y Decanatos La nueva divisi\u00f3n en cuatro decanatos es \u201cad experimentum por tres a\u00f1os\u201d para iniciar el trabajo del camino jubilar diocesano. El criterio ha sido la divisi\u00f3n natural que crea la Av. Provincias Unidas &#8211; ruta 3 &#8211; y las v\u00edas del ferrocarril Gral. Roca (con excepci\u00f3n de las Parroquias [&hellip;]<\/p>\n","protected":false},"author":1,"featured_media":973,"comment_status":"closed","ping_status":"closed","sticky":false,"template":"","format":"standard","meta":[],"categories":[6],"tags":[],"_links":{"self":[{"href":"http:\/\/www.diocesisdesanjusto.org\/index.php\/wp-json\/wp\/v2\/posts\/1054"}],"collection":[{"href":"http:\/\/www.diocesisdesanjusto.org\/index.php\/wp-json\/wp\/v2\/posts"}],"about":[{"href":"http:\/\/www.diocesisdesanjusto.org\/index.php\/wp-json\/wp\/v2\/types\/post"}],"author":[{"embeddable":true,"href":"http:\/\/www.diocesisdesanjusto.org\/index.php\/wp-json\/wp\/v2\/users\/1"}],"replies":[{"embeddable":true,"href":"http:\/\/www.diocesisdesanjusto.org\/index.php\/wp-json\/wp\/v2\/comments?post=1054"}],"version-history":[{"count":19,"href":"http:\/\/www.diocesisdesanjusto.org\/index.php\/wp-json\/wp\/v2\/posts\/1054\/revisions"}],"predecessor-version":[{"id":2490,"href":"http:\/\/www.diocesisdesanjusto.org\/index.php\/wp-json\/wp\/v2\/posts\/1054\/revisions\/2490"}],"wp:featuredmedia":[{"embeddable":true,"href":"http:\/\/www.diocesisdesanjusto.org\/index.php\/wp-json\/wp\/v2\/media\/973"}],"wp:attachment":[{"href":"http:\/\/www.diocesisdesanjusto.org\/index.php\/wp-json\/wp\/v2\/media?parent=1054"}],"wp:term":[{"taxonomy":"category","embeddable":true,"href":"http:\/\/www.diocesisdesanjusto.org\/index.php\/wp-json\/wp\/v2\/categories?post=1054"},{"taxonomy":"post_tag","embeddable":true,"href":"http:\/\/www.diocesisdesanjusto.org\/index.php\/wp-json\/wp\/v2\/tags?post=1054"}],"curies":[{"name":"wp","href":"https:\/\/api.w.org\/{rel}","templated":true}]}}